{"id":922,"count":8,"description":"espace-L est une galerie d'art contemporain qui promeut les synergies culturelles et la diversit\u00e9, offrant une plateforme aux artistes \u00e9mergents et confirm\u00e9s du monde entier. Elle maintient un lien privil\u00e9gi\u00e9 avec l'art contemporain br\u00e9silien. Organisant six expositions par an, espace-L propose \u00e9galement des \u00e9v\u00e9nements artistiques appel\u00e9s Mercredis Art Party, autour de th\u00e8mes renouvel\u00e9s chaque ann\u00e9e.","link":"https:\/\/www.coolturalia.com\/fr\/event-venue\/espace-l-fr\/","name":"espace-L","slug":"espace-l-fr","taxonomy":"event-venue","parent":0,"meta":[],"acf":{"nickname":"espace-L","image":95408,"phone":"+41 79 818 71 82","website":"https:\/\/www.espacel.net\/","email":"","address":{"address":"Rue des Bains 23, 1205 Geneva","lat":46.198065,"lng":6.136406,"zoom":14,"place_id":"ChIJ13li0tRkjEcR7q_0XQfDC2Y","street_number":23,"street_name":"Rue des Bains","city":"Gen\u00e8ve","state":"Gen\u00e8ve","state_short":"GE","post_code":1205,"country":"Switzerland","country_short":"CH"},"photo_credit":"","external_id":"","verified":["verified"]},"yoast_head":"<!-- This site is optimized with the Yoast SEO plugin v27.5 - https:\/\/yoast.com\/product\/yoast-seo-wordpress\/ -->\n<title>espace-L Archives - Coolturalia<\/title>\n<meta name=\"robots\" content=\"index, follow, max-snippet:-1, max-image-preview:large, max-video-preview:-1\" \/>\n<link rel=\"canonical\" href=\"https:\/\/www.coolturalia.com\/fr\/event-venue\/espace-l-fr\/\" \/>\n<meta property=\"og:locale\" content=\"fr_FR\" \/>\n<meta property=\"og:type\" content=\"article\" \/>\n<meta property=\"og:title\" content=\"espace-L Archives - Coolturalia\" \/>\n<meta property=\"og:description\" content=\"espace-L est une galerie d&rsquo;art contemporain qui promeut les synergies culturelles et la diversit\u00e9, offrant une plateforme aux artistes \u00e9mergents et confirm\u00e9s du monde entier. Elle maintient un lien privil\u00e9gi\u00e9 avec l&rsquo;art contemporain br\u00e9silien. Organisant six expositions par an, espace-L propose \u00e9galement des \u00e9v\u00e9nements artistiques appel\u00e9s Mercredis Art Party, autour de th\u00e8mes renouvel\u00e9s chaque ann\u00e9e.\" \/>\n<meta property=\"og:url\" content=\"https:\/\/www.coolturalia.com\/fr\/event-venue\/espace-l-fr\/\" \/>\n<meta property=\"og:site_name\" content=\"Coolturalia\" \/>\n<meta property=\"og:image\" content=\"https:\/\/www.coolturalia.com\/wp-content\/uploads\/2024\/04\/favicon-coolturalia-2.png\" \/>\n\t<meta property=\"og:image:width\" content=\"150\" \/>\n\t<meta property=\"og:image:height\" content=\"150\" \/>\n\t<meta property=\"og:image:type\" content=\"image\/png\" \/>\n<meta name=\"twitter:card\" content=\"summary_large_image\" \/>\n<script type=\"application\/ld+json\" class=\"yoast-schema-graph\">{\"@context\":\"https:\\\/\\\/schema.org\",\"@graph\":[{\"@type\":\"CollectionPage\",\"@id\":\"https:\\\/\\\/www.coolturalia.com\\\/fr\\\/event-venue\\\/espace-l-fr\\\/\",\"url\":\"https:\\\/\\\/www.coolturalia.com\\\/fr\\\/event-venue\\\/espace-l-fr\\\/\",\"name\":\"espace-L Archives - Coolturalia\",\"isPartOf\":{\"@id\":\"https:\\\/\\\/www.coolturalia.com\\\/fr\\\/#website\"},\"breadcrumb\":{\"@id\":\"https:\\\/\\\/www.coolturalia.com\\\/fr\\\/event-venue\\\/espace-l-fr\\\/#breadcrumb\"},\"inLanguage\":\"fr-FR\"},{\"@type\":\"BreadcrumbList\",\"@id\":\"https:\\\/\\\/www.coolturalia.com\\\/fr\\\/event-venue\\\/espace-l-fr\\\/#breadcrumb\",\"itemListElement\":[{\"@type\":\"ListItem\",\"position\":1,\"name\":\"Home\",\"item\":\"https:\\\/\\\/www.coolturalia.com\\\/fr\\\/\"},{\"@type\":\"ListItem\",\"position\":2,\"name\":\"espace-L\"}]},{\"@type\":\"WebSite\",\"@id\":\"https:\\\/\\\/www.coolturalia.com\\\/fr\\\/#website\",\"url\":\"https:\\\/\\\/www.coolturalia.com\\\/fr\\\/\",\"name\":\"Coolturalia\",\"description\":\"\",\"publisher\":{\"@id\":\"https:\\\/\\\/www.coolturalia.com\\\/fr\\\/#organization\"},\"potentialAction\":[{\"@type\":\"SearchAction\",\"target\":{\"@type\":\"EntryPoint\",\"urlTemplate\":\"https:\\\/\\\/www.coolturalia.com\\\/fr\\\/?s={search_term_string}\"},\"query-input\":{\"@type\":\"PropertyValueSpecification\",\"valueRequired\":true,\"valueName\":\"search_term_string\"}}],\"inLanguage\":\"fr-FR\"},{\"@type\":\"Organization\",\"@id\":\"https:\\\/\\\/www.coolturalia.com\\\/fr\\\/#organization\",\"name\":\"Coolturalia\",\"url\":\"https:\\\/\\\/www.coolturalia.com\\\/fr\\\/\",\"logo\":{\"@type\":\"ImageObject\",\"inLanguage\":\"fr-FR\",\"@id\":\"https:\\\/\\\/www.coolturalia.com\\\/fr\\\/#\\\/schema\\\/logo\\\/image\\\/\",\"url\":\"https:\\\/\\\/www.coolturalia.com\\\/wp-content\\\/uploads\\\/2024\\\/04\\\/Logo-coolturalia.svg\",\"contentUrl\":\"https:\\\/\\\/www.coolturalia.com\\\/wp-content\\\/uploads\\\/2024\\\/04\\\/Logo-coolturalia.svg\",\"width\":1312,\"height\":193,\"caption\":\"Coolturalia\"},\"image\":{\"@id\":\"https:\\\/\\\/www.coolturalia.com\\\/fr\\\/#\\\/schema\\\/logo\\\/image\\\/\"},\"sameAs\":[\"https:\\\/\\\/www.instagram.com\\\/coolturalia_geneva\\\/\"]}]}<\/script>\n<!-- \/ Yoast SEO plugin. -->","yoast_head_json":{"title":"espace-L Archives - Coolturalia","robots":{"index":"index","follow":"follow","max-snippet":"max-snippet:-1","max-image-preview":"max-image-preview:large","max-video-preview":"max-video-preview:-1"},"canonical":"https:\/\/www.coolturalia.com\/fr\/event-venue\/espace-l-fr\/","og_locale":"fr_FR","og_type":"article","og_title":"espace-L Archives - Coolturalia","og_description":"espace-L est une galerie d&rsquo;art contemporain qui promeut les synergies culturelles et la diversit\u00e9, offrant une plateforme aux artistes \u00e9mergents et confirm\u00e9s du monde entier. Elle maintient un lien privil\u00e9gi\u00e9 avec l&rsquo;art contemporain br\u00e9silien. Organisant six expositions par an, espace-L propose \u00e9galement des \u00e9v\u00e9nements artistiques appel\u00e9s Mercredis Art Party, autour de th\u00e8mes renouvel\u00e9s chaque ann\u00e9e.","og_url":"https:\/\/www.coolturalia.com\/fr\/event-venue\/espace-l-fr\/","og_site_name":"Coolturalia","og_image":[{"width":150,"height":150,"url":"https:\/\/www.coolturalia.com\/wp-content\/uploads\/2024\/04\/favicon-coolturalia-2.png","type":"image\/png"}],"twitter_card":"summary_large_image","schema":{"@context":"https:\/\/schema.org","@graph":[{"@type":"CollectionPage","@id":"https:\/\/www.coolturalia.com\/fr\/event-venue\/espace-l-fr\/","url":"https:\/\/www.coolturalia.com\/fr\/event-venue\/espace-l-fr\/","name":"espace-L Archives - Coolturalia","isPartOf":{"@id":"https:\/\/www.coolturalia.com\/fr\/#website"},"breadcrumb":{"@id":"https:\/\/www.coolturalia.com\/fr\/event-venue\/espace-l-fr\/#breadcrumb"},"inLanguage":"fr-FR"},{"@type":"BreadcrumbList","@id":"https:\/\/www.coolturalia.com\/fr\/event-venue\/espace-l-fr\/#breadcrumb","itemListElement":[{"@type":"ListItem","position":1,"name":"Home","item":"https:\/\/www.coolturalia.com\/fr\/"},{"@type":"ListItem","position":2,"name":"espace-L"}]},{"@type":"WebSite","@id":"https:\/\/www.coolturalia.com\/fr\/#website","url":"https:\/\/www.coolturalia.com\/fr\/","name":"Coolturalia","description":"","publisher":{"@id":"https:\/\/www.coolturalia.com\/fr\/#organization"},"potentialAction":[{"@type":"SearchAction","target":{"@type":"EntryPoint","urlTemplate":"https:\/\/www.coolturalia.com\/fr\/?s={search_term_string}"},"query-input":{"@type":"PropertyValueSpecification","valueRequired":true,"valueName":"search_term_string"}}],"inLanguage":"fr-FR"},{"@type":"Organization","@id":"https:\/\/www.coolturalia.com\/fr\/#organization","name":"Coolturalia","url":"https:\/\/www.coolturalia.com\/fr\/","logo":{"@type":"ImageObject","inLanguage":"fr-FR","@id":"https:\/\/www.coolturalia.com\/fr\/#\/schema\/logo\/image\/","url":"https:\/\/www.coolturalia.com\/wp-content\/uploads\/2024\/04\/Logo-coolturalia.svg","contentUrl":"https:\/\/www.coolturalia.com\/wp-content\/uploads\/2024\/04\/Logo-coolturalia.svg","width":1312,"height":193,"caption":"Coolturalia"},"image":{"@id":"https:\/\/www.coolturalia.com\/fr\/#\/schema\/logo\/image\/"},"sameAs":["https:\/\/www.instagram.com\/coolturalia_geneva\/"]}]}},"_links":{"self":[{"href":"https:\/\/www.coolturalia.com\/fr\/wp-json\/wp\/v2\/event-venue\/922","targetHints":{"allow":["GET"]}}],"collection":[{"href":"https:\/\/www.coolturalia.com\/fr\/wp-json\/wp\/v2\/event-venue"}],"about":[{"href":"https:\/\/www.coolturalia.com\/fr\/wp-json\/wp\/v2\/taxonomies\/event-venue"}],"wp:post_type":[{"href":"https:\/\/www.coolturalia.com\/fr\/wp-json\/wp\/v2\/event?event-venue=922"}],"curies":[{"name":"wp","href":"https:\/\/api.w.org\/{rel}","templated":true}]}}