{"id":2407,"count":0,"description":"Le Centre d'h\u00e9bergement collectif de la Seymaz est un \u00e9tablissement g\u00e9r\u00e9 par l'Hospice g\u00e9n\u00e9ral offrant un h\u00e9bergement temporaire. Compos\u00e9 de quatre b\u00e2timents et d'environ 370 places, il accueille familles et personnes isol\u00e9es. Le centre assure un accueil, un accompagnement social et des services de base destin\u00e9s \u00e0 l'int\u00e9gration des migrant\u00b7es et des personnes vuln\u00e9rables.","link":"https:\/\/www.coolturalia.com\/fr\/event-venue\/centre-dhebergement-collectif-de-la-seymaz-fr\/","name":"Centre d'h\u00e9bergement collectif de la Seymaz","slug":"centre-dhebergement-collectif-de-la-seymaz-fr","taxonomy":"event-venue","parent":0,"meta":[],"acf":{"nickname":"La Seymaz","image":null,"phone":"","website":"https:\/\/www.hospicegeneral.ch\/fr\/node\/5541","email":"","address":{"address":"Chemin du Petit-Bel-Air 4","lat":"","lng":"","zoom":14,"city":"Th\u00f4nex","post_code":1226,"country":"Switzerland","country_short":"CH"},"photo_credit":"","external_id":"","verified":"verified"},"yoast_head":"<!-- This site is optimized with the Yoast SEO plugin v28.3 - https:\/\/yoast.com\/product\/yoast-seo-wordpress\/ -->\n<title>Centre d&#039;h\u00e9bergement collectif de la Seymaz Archives - Coolturalia<\/title>\n<meta name=\"robots\" content=\"index, follow, max-snippet:-1, max-image-preview:large, max-video-preview:-1\" \/>\n<link rel=\"canonical\" href=\"https:\/\/www.coolturalia.com\/fr\/event-venue\/centre-dhebergement-collectif-de-la-seymaz-fr\/\" \/>\n<meta property=\"og:locale\" content=\"fr_FR\" \/>\n<meta property=\"og:type\" content=\"article\" \/>\n<meta property=\"og:title\" content=\"Centre d&#039;h\u00e9bergement collectif de la Seymaz Archives - Coolturalia\" \/>\n<meta property=\"og:description\" content=\"Le Centre d&rsquo;h\u00e9bergement collectif de la Seymaz est un \u00e9tablissement g\u00e9r\u00e9 par l&rsquo;Hospice g\u00e9n\u00e9ral offrant un h\u00e9bergement temporaire. Compos\u00e9 de quatre b\u00e2timents et d&rsquo;environ 370 places, il accueille familles et personnes isol\u00e9es. Le centre assure un accueil, un accompagnement social et des services de base destin\u00e9s \u00e0 l&rsquo;int\u00e9gration des migrant\u00b7es et des personnes vuln\u00e9rables.\" \/>\n<meta property=\"og:url\" content=\"https:\/\/www.coolturalia.com\/fr\/event-venue\/centre-dhebergement-collectif-de-la-seymaz-fr\/\" \/>\n<meta property=\"og:site_name\" content=\"Coolturalia\" \/>\n<meta property=\"og:image\" content=\"https:\/\/www.coolturalia.com\/wp-content\/uploads\/2024\/04\/favicon-coolturalia-2.png\" \/>\n\t<meta property=\"og:image:width\" content=\"150\" \/>\n\t<meta property=\"og:image:height\" content=\"150\" \/>\n\t<meta property=\"og:image:type\" content=\"image\/png\" \/>\n<meta name=\"twitter:card\" content=\"summary_large_image\" \/>\n<script type=\"application\/ld+json\" class=\"yoast-schema-graph\">{\"@context\":\"https:\\\/\\\/schema.org\",\"@graph\":[{\"@type\":\"CollectionPage\",\"@id\":\"https:\\\/\\\/www.coolturalia.com\\\/fr\\\/event-venue\\\/centre-dhebergement-collectif-de-la-seymaz-fr\\\/\",\"url\":\"https:\\\/\\\/www.coolturalia.com\\\/fr\\\/event-venue\\\/centre-dhebergement-collectif-de-la-seymaz-fr\\\/\",\"name\":\"Centre d'h\u00e9bergement collectif de la Seymaz Archives - Coolturalia\",\"isPartOf\":{\"@id\":\"https:\\\/\\\/www.coolturalia.com\\\/fr\\\/#website\"},\"breadcrumb\":{\"@id\":\"https:\\\/\\\/www.coolturalia.com\\\/fr\\\/event-venue\\\/centre-dhebergement-collectif-de-la-seymaz-fr\\\/#breadcrumb\"},\"inLanguage\":\"fr-FR\"},{\"@type\":\"BreadcrumbList\",\"@id\":\"https:\\\/\\\/www.coolturalia.com\\\/fr\\\/event-venue\\\/centre-dhebergement-collectif-de-la-seymaz-fr\\\/#breadcrumb\",\"itemListElement\":[{\"@type\":\"ListItem\",\"position\":1,\"name\":\"Home\",\"item\":\"https:\\\/\\\/www.coolturalia.com\\\/fr\\\/\"},{\"@type\":\"ListItem\",\"position\":2,\"name\":\"Centre d'h\u00e9bergement collectif de la Seymaz\"}]},{\"@type\":\"WebSite\",\"@id\":\"https:\\\/\\\/www.coolturalia.com\\\/fr\\\/#website\",\"url\":\"https:\\\/\\\/www.coolturalia.com\\\/fr\\\/\",\"name\":\"Coolturalia\",\"description\":\"\",\"publisher\":{\"@id\":\"https:\\\/\\\/www.coolturalia.com\\\/fr\\\/#organization\"},\"potentialAction\":[{\"@type\":\"SearchAction\",\"target\":{\"@type\":\"EntryPoint\",\"urlTemplate\":\"https:\\\/\\\/www.coolturalia.com\\\/fr\\\/?s={search_term_string}\"},\"query-input\":{\"@type\":\"PropertyValueSpecification\",\"valueRequired\":true,\"valueName\":\"search_term_string\"}}],\"inLanguage\":\"fr-FR\"},{\"@type\":\"Organization\",\"@id\":\"https:\\\/\\\/www.coolturalia.com\\\/fr\\\/#organization\",\"name\":\"Coolturalia\",\"url\":\"https:\\\/\\\/www.coolturalia.com\\\/fr\\\/\",\"logo\":{\"@type\":\"ImageObject\",\"inLanguage\":\"fr-FR\",\"@id\":\"https:\\\/\\\/www.coolturalia.com\\\/fr\\\/#\\\/schema\\\/logo\\\/image\\\/\",\"url\":\"https:\\\/\\\/www.coolturalia.com\\\/wp-content\\\/uploads\\\/2024\\\/04\\\/Logo-coolturalia.svg\",\"contentUrl\":\"https:\\\/\\\/www.coolturalia.com\\\/wp-content\\\/uploads\\\/2024\\\/04\\\/Logo-coolturalia.svg\",\"width\":1312,\"height\":193,\"caption\":\"Coolturalia\"},\"image\":{\"@id\":\"https:\\\/\\\/www.coolturalia.com\\\/fr\\\/#\\\/schema\\\/logo\\\/image\\\/\"},\"sameAs\":[\"https:\\\/\\\/www.instagram.com\\\/coolturalia_geneva\\\/\"]}]}<\/script>\n<!-- \/ Yoast SEO plugin. -->","yoast_head_json":{"title":"Centre d'h\u00e9bergement collectif de la Seymaz Archives - Coolturalia","robots":{"index":"index","follow":"follow","max-snippet":"max-snippet:-1","max-image-preview":"max-image-preview:large","max-video-preview":"max-video-preview:-1"},"canonical":"https:\/\/www.coolturalia.com\/fr\/event-venue\/centre-dhebergement-collectif-de-la-seymaz-fr\/","og_locale":"fr_FR","og_type":"article","og_title":"Centre d'h\u00e9bergement collectif de la Seymaz Archives - Coolturalia","og_description":"Le Centre d&rsquo;h\u00e9bergement collectif de la Seymaz est un \u00e9tablissement g\u00e9r\u00e9 par l&rsquo;Hospice g\u00e9n\u00e9ral offrant un h\u00e9bergement temporaire. Compos\u00e9 de quatre b\u00e2timents et d&rsquo;environ 370 places, il accueille familles et personnes isol\u00e9es. Le centre assure un accueil, un accompagnement social et des services de base destin\u00e9s \u00e0 l&rsquo;int\u00e9gration des migrant\u00b7es et des personnes vuln\u00e9rables.","og_url":"https:\/\/www.coolturalia.com\/fr\/event-venue\/centre-dhebergement-collectif-de-la-seymaz-fr\/","og_site_name":"Coolturalia","og_image":[{"width":150,"height":150,"url":"https:\/\/www.coolturalia.com\/wp-content\/uploads\/2024\/04\/favicon-coolturalia-2.png","type":"image\/png"}],"twitter_card":"summary_large_image","schema":{"@context":"https:\/\/schema.org","@graph":[{"@type":"CollectionPage","@id":"https:\/\/www.coolturalia.com\/fr\/event-venue\/centre-dhebergement-collectif-de-la-seymaz-fr\/","url":"https:\/\/www.coolturalia.com\/fr\/event-venue\/centre-dhebergement-collectif-de-la-seymaz-fr\/","name":"Centre d'h\u00e9bergement collectif de la Seymaz Archives - Coolturalia","isPartOf":{"@id":"https:\/\/www.coolturalia.com\/fr\/#website"},"breadcrumb":{"@id":"https:\/\/www.coolturalia.com\/fr\/event-venue\/centre-dhebergement-collectif-de-la-seymaz-fr\/#breadcrumb"},"inLanguage":"fr-FR"},{"@type":"BreadcrumbList","@id":"https:\/\/www.coolturalia.com\/fr\/event-venue\/centre-dhebergement-collectif-de-la-seymaz-fr\/#breadcrumb","itemListElement":[{"@type":"ListItem","position":1,"name":"Home","item":"https:\/\/www.coolturalia.com\/fr\/"},{"@type":"ListItem","position":2,"name":"Centre d'h\u00e9bergement collectif de la Seymaz"}]},{"@type":"WebSite","@id":"https:\/\/www.coolturalia.com\/fr\/#website","url":"https:\/\/www.coolturalia.com\/fr\/","name":"Coolturalia","description":"","publisher":{"@id":"https:\/\/www.coolturalia.com\/fr\/#organization"},"potentialAction":[{"@type":"SearchAction","target":{"@type":"EntryPoint","urlTemplate":"https:\/\/www.coolturalia.com\/fr\/?s={search_term_string}"},"query-input":{"@type":"PropertyValueSpecification","valueRequired":true,"valueName":"search_term_string"}}],"inLanguage":"fr-FR"},{"@type":"Organization","@id":"https:\/\/www.coolturalia.com\/fr\/#organization","name":"Coolturalia","url":"https:\/\/www.coolturalia.com\/fr\/","logo":{"@type":"ImageObject","inLanguage":"fr-FR","@id":"https:\/\/www.coolturalia.com\/fr\/#\/schema\/logo\/image\/","url":"https:\/\/www.coolturalia.com\/wp-content\/uploads\/2024\/04\/Logo-coolturalia.svg","contentUrl":"https:\/\/www.coolturalia.com\/wp-content\/uploads\/2024\/04\/Logo-coolturalia.svg","width":1312,"height":193,"caption":"Coolturalia"},"image":{"@id":"https:\/\/www.coolturalia.com\/fr\/#\/schema\/logo\/image\/"},"sameAs":["https:\/\/www.instagram.com\/coolturalia_geneva\/"]}]}},"_links":{"self":[{"href":"https:\/\/www.coolturalia.com\/fr\/wp-json\/wp\/v2\/event-venue\/2407","targetHints":{"allow":["GET"]}}],"collection":[{"href":"https:\/\/www.coolturalia.com\/fr\/wp-json\/wp\/v2\/event-venue"}],"about":[{"href":"https:\/\/www.coolturalia.com\/fr\/wp-json\/wp\/v2\/taxonomies\/event-venue"}],"wp:post_type":[{"href":"https:\/\/www.coolturalia.com\/fr\/wp-json\/wp\/v2\/event?event-venue=2407"}],"curies":[{"name":"wp","href":"https:\/\/api.w.org\/{rel}","templated":true}]}}