{"id":2143,"count":0,"description":"L'Arcade est l'espace d'exposition temporaire du Centre d'Art Contemporain Gen\u00e8ve, install\u00e9 dans le Mont\u2011Blanc Centre. Il pr\u00e9sente expositions contemporaines, projets exp\u00e9rimentaux, conf\u00e9rences et rencontres, offrant une vitrine compacte d\u00e9di\u00e9e \u00e0 la production et \u00e0 l'engagement du public. Il poursuit la programmation du Centre pendant la r\u00e9novation de son b\u00e2timent principal.","link":"https:\/\/www.coolturalia.com\/fr\/event-venue\/larcade-centre-dart-contemporain-geneve-2-fr\/","name":"L'Arcade - Centre d'Art Contemporain Gen\u00e8ve","slug":"larcade-centre-dart-contemporain-geneve-2-fr","taxonomy":"event-venue","parent":0,"meta":[],"acf":{"nickname":"L'Arcade","image":187102,"phone":"","website":"https:\/\/centre.ch\/","email":"","address":{"address":"Rue de Chantepoulet 1-3","lat":46.207844,"lng":6.145388,"zoom":14,"city":"Gen\u00e8ve","post_code":1201,"country":"Switzerland","country_short":"CH"},"photo_credit":"DR","external_id":"77754060","verified":"verified"},"yoast_head":"<!-- This site is optimized with the Yoast SEO plugin v27.5 - https:\/\/yoast.com\/product\/yoast-seo-wordpress\/ -->\n<title>L&#039;Arcade - Centre d&#039;Art Contemporain Gen\u00e8ve Archives - Coolturalia<\/title>\n<meta name=\"robots\" content=\"index, follow, max-snippet:-1, max-image-preview:large, max-video-preview:-1\" \/>\n<link rel=\"canonical\" href=\"https:\/\/www.coolturalia.com\/fr\/event-venue\/larcade-centre-dart-contemporain-geneve-2-fr\/\" \/>\n<meta property=\"og:locale\" content=\"fr_FR\" \/>\n<meta property=\"og:type\" content=\"article\" \/>\n<meta property=\"og:title\" content=\"L&#039;Arcade - Centre d&#039;Art Contemporain Gen\u00e8ve Archives - Coolturalia\" \/>\n<meta property=\"og:description\" content=\"L&rsquo;Arcade est l&rsquo;espace d&rsquo;exposition temporaire du Centre d&rsquo;Art Contemporain Gen\u00e8ve, install\u00e9 dans le Mont\u2011Blanc Centre. Il pr\u00e9sente expositions contemporaines, projets exp\u00e9rimentaux, conf\u00e9rences et rencontres, offrant une vitrine compacte d\u00e9di\u00e9e \u00e0 la production et \u00e0 l&rsquo;engagement du public. Il poursuit la programmation du Centre pendant la r\u00e9novation de son b\u00e2timent principal.\" \/>\n<meta property=\"og:url\" content=\"https:\/\/www.coolturalia.com\/fr\/event-venue\/larcade-centre-dart-contemporain-geneve-2-fr\/\" \/>\n<meta property=\"og:site_name\" content=\"Coolturalia\" \/>\n<meta property=\"og:image\" content=\"https:\/\/www.coolturalia.com\/wp-content\/uploads\/2024\/04\/favicon-coolturalia-2.png\" \/>\n\t<meta property=\"og:image:width\" content=\"150\" \/>\n\t<meta property=\"og:image:height\" content=\"150\" \/>\n\t<meta property=\"og:image:type\" content=\"image\/png\" \/>\n<meta name=\"twitter:card\" content=\"summary_large_image\" \/>\n<script type=\"application\/ld+json\" class=\"yoast-schema-graph\">{\"@context\":\"https:\\\/\\\/schema.org\",\"@graph\":[{\"@type\":\"CollectionPage\",\"@id\":\"https:\\\/\\\/www.coolturalia.com\\\/fr\\\/event-venue\\\/larcade-centre-dart-contemporain-geneve-2-fr\\\/\",\"url\":\"https:\\\/\\\/www.coolturalia.com\\\/fr\\\/event-venue\\\/larcade-centre-dart-contemporain-geneve-2-fr\\\/\",\"name\":\"L'Arcade - Centre d'Art Contemporain Gen\u00e8ve Archives - Coolturalia\",\"isPartOf\":{\"@id\":\"https:\\\/\\\/www.coolturalia.com\\\/fr\\\/#website\"},\"breadcrumb\":{\"@id\":\"https:\\\/\\\/www.coolturalia.com\\\/fr\\\/event-venue\\\/larcade-centre-dart-contemporain-geneve-2-fr\\\/#breadcrumb\"},\"inLanguage\":\"fr-FR\"},{\"@type\":\"BreadcrumbList\",\"@id\":\"https:\\\/\\\/www.coolturalia.com\\\/fr\\\/event-venue\\\/larcade-centre-dart-contemporain-geneve-2-fr\\\/#breadcrumb\",\"itemListElement\":[{\"@type\":\"ListItem\",\"position\":1,\"name\":\"Home\",\"item\":\"https:\\\/\\\/www.coolturalia.com\\\/fr\\\/\"},{\"@type\":\"ListItem\",\"position\":2,\"name\":\"L'Arcade - Centre d'Art Contemporain Gen\u00e8ve\"}]},{\"@type\":\"WebSite\",\"@id\":\"https:\\\/\\\/www.coolturalia.com\\\/fr\\\/#website\",\"url\":\"https:\\\/\\\/www.coolturalia.com\\\/fr\\\/\",\"name\":\"Coolturalia\",\"description\":\"\",\"publisher\":{\"@id\":\"https:\\\/\\\/www.coolturalia.com\\\/fr\\\/#organization\"},\"potentialAction\":[{\"@type\":\"SearchAction\",\"target\":{\"@type\":\"EntryPoint\",\"urlTemplate\":\"https:\\\/\\\/www.coolturalia.com\\\/fr\\\/?s={search_term_string}\"},\"query-input\":{\"@type\":\"PropertyValueSpecification\",\"valueRequired\":true,\"valueName\":\"search_term_string\"}}],\"inLanguage\":\"fr-FR\"},{\"@type\":\"Organization\",\"@id\":\"https:\\\/\\\/www.coolturalia.com\\\/fr\\\/#organization\",\"name\":\"Coolturalia\",\"url\":\"https:\\\/\\\/www.coolturalia.com\\\/fr\\\/\",\"logo\":{\"@type\":\"ImageObject\",\"inLanguage\":\"fr-FR\",\"@id\":\"https:\\\/\\\/www.coolturalia.com\\\/fr\\\/#\\\/schema\\\/logo\\\/image\\\/\",\"url\":\"https:\\\/\\\/www.coolturalia.com\\\/wp-content\\\/uploads\\\/2024\\\/04\\\/Logo-coolturalia.svg\",\"contentUrl\":\"https:\\\/\\\/www.coolturalia.com\\\/wp-content\\\/uploads\\\/2024\\\/04\\\/Logo-coolturalia.svg\",\"width\":1312,\"height\":193,\"caption\":\"Coolturalia\"},\"image\":{\"@id\":\"https:\\\/\\\/www.coolturalia.com\\\/fr\\\/#\\\/schema\\\/logo\\\/image\\\/\"},\"sameAs\":[\"https:\\\/\\\/www.instagram.com\\\/coolturalia_geneva\\\/\"]}]}<\/script>\n<!-- \/ Yoast SEO plugin. -->","yoast_head_json":{"title":"L'Arcade - Centre d'Art Contemporain Gen\u00e8ve Archives - Coolturalia","robots":{"index":"index","follow":"follow","max-snippet":"max-snippet:-1","max-image-preview":"max-image-preview:large","max-video-preview":"max-video-preview:-1"},"canonical":"https:\/\/www.coolturalia.com\/fr\/event-venue\/larcade-centre-dart-contemporain-geneve-2-fr\/","og_locale":"fr_FR","og_type":"article","og_title":"L'Arcade - Centre d'Art Contemporain Gen\u00e8ve Archives - Coolturalia","og_description":"L&rsquo;Arcade est l&rsquo;espace d&rsquo;exposition temporaire du Centre d&rsquo;Art Contemporain Gen\u00e8ve, install\u00e9 dans le Mont\u2011Blanc Centre. Il pr\u00e9sente expositions contemporaines, projets exp\u00e9rimentaux, conf\u00e9rences et rencontres, offrant une vitrine compacte d\u00e9di\u00e9e \u00e0 la production et \u00e0 l&rsquo;engagement du public. Il poursuit la programmation du Centre pendant la r\u00e9novation de son b\u00e2timent principal.","og_url":"https:\/\/www.coolturalia.com\/fr\/event-venue\/larcade-centre-dart-contemporain-geneve-2-fr\/","og_site_name":"Coolturalia","og_image":[{"width":150,"height":150,"url":"https:\/\/www.coolturalia.com\/wp-content\/uploads\/2024\/04\/favicon-coolturalia-2.png","type":"image\/png"}],"twitter_card":"summary_large_image","schema":{"@context":"https:\/\/schema.org","@graph":[{"@type":"CollectionPage","@id":"https:\/\/www.coolturalia.com\/fr\/event-venue\/larcade-centre-dart-contemporain-geneve-2-fr\/","url":"https:\/\/www.coolturalia.com\/fr\/event-venue\/larcade-centre-dart-contemporain-geneve-2-fr\/","name":"L'Arcade - Centre d'Art Contemporain Gen\u00e8ve Archives - Coolturalia","isPartOf":{"@id":"https:\/\/www.coolturalia.com\/fr\/#website"},"breadcrumb":{"@id":"https:\/\/www.coolturalia.com\/fr\/event-venue\/larcade-centre-dart-contemporain-geneve-2-fr\/#breadcrumb"},"inLanguage":"fr-FR"},{"@type":"BreadcrumbList","@id":"https:\/\/www.coolturalia.com\/fr\/event-venue\/larcade-centre-dart-contemporain-geneve-2-fr\/#breadcrumb","itemListElement":[{"@type":"ListItem","position":1,"name":"Home","item":"https:\/\/www.coolturalia.com\/fr\/"},{"@type":"ListItem","position":2,"name":"L'Arcade - Centre d'Art Contemporain Gen\u00e8ve"}]},{"@type":"WebSite","@id":"https:\/\/www.coolturalia.com\/fr\/#website","url":"https:\/\/www.coolturalia.com\/fr\/","name":"Coolturalia","description":"","publisher":{"@id":"https:\/\/www.coolturalia.com\/fr\/#organization"},"potentialAction":[{"@type":"SearchAction","target":{"@type":"EntryPoint","urlTemplate":"https:\/\/www.coolturalia.com\/fr\/?s={search_term_string}"},"query-input":{"@type":"PropertyValueSpecification","valueRequired":true,"valueName":"search_term_string"}}],"inLanguage":"fr-FR"},{"@type":"Organization","@id":"https:\/\/www.coolturalia.com\/fr\/#organization","name":"Coolturalia","url":"https:\/\/www.coolturalia.com\/fr\/","logo":{"@type":"ImageObject","inLanguage":"fr-FR","@id":"https:\/\/www.coolturalia.com\/fr\/#\/schema\/logo\/image\/","url":"https:\/\/www.coolturalia.com\/wp-content\/uploads\/2024\/04\/Logo-coolturalia.svg","contentUrl":"https:\/\/www.coolturalia.com\/wp-content\/uploads\/2024\/04\/Logo-coolturalia.svg","width":1312,"height":193,"caption":"Coolturalia"},"image":{"@id":"https:\/\/www.coolturalia.com\/fr\/#\/schema\/logo\/image\/"},"sameAs":["https:\/\/www.instagram.com\/coolturalia_geneva\/"]}]}},"_links":{"self":[{"href":"https:\/\/www.coolturalia.com\/fr\/wp-json\/wp\/v2\/event-venue\/2143","targetHints":{"allow":["GET"]}}],"collection":[{"href":"https:\/\/www.coolturalia.com\/fr\/wp-json\/wp\/v2\/event-venue"}],"about":[{"href":"https:\/\/www.coolturalia.com\/fr\/wp-json\/wp\/v2\/taxonomies\/event-venue"}],"wp:post_type":[{"href":"https:\/\/www.coolturalia.com\/fr\/wp-json\/wp\/v2\/event?event-venue=2143"}],"curies":[{"name":"wp","href":"https:\/\/api.w.org\/{rel}","templated":true}]}}