{"id":1105,"count":5,"description":"Situ\u00e9e \u00e0 la p\u00e9riph\u00e9rie de la Vieille Ville, Taste Contemporary a \u00e9t\u00e9 fond\u00e9e en 2014 par Monique Deule. La galerie est d\u00e9di\u00e9e \u00e0 la promotion d'artistes \u00e9mergents et confirm\u00e9s explorant des mat\u00e9riaux tels que la c\u00e9ramique, le textile, le verre et le bois pour donner vie \u00e0 des visions artistiques audacieuses. Ax\u00e9e sur les \u0153uvres centr\u00e9es sur la mati\u00e8re, Taste Contemporary organise des expositions r\u00e9guli\u00e8res tout au long de l\u2019ann\u00e9e.","link":"https:\/\/www.coolturalia.com\/fr\/event-venue\/taste-contemporary\/","name":"Taste Contemporary","slug":"taste-contemporary","taxonomy":"event-venue","parent":0,"meta":[],"acf":{"nickname":"Taste Contemporary","image":95570,"phone":"+41 22 320 45 22","website":"https:\/\/www.tastecontemporary.com\/","email":"","address":{"address":"Rue du Vieux-Billard 7, 1205 Gen\u00e8ve","lat":46.200419,"lng":6.138138,"city":"Geneva","state":0,"post_code":1205,"country_short":"CH"},"photo_credit":"","external_id":"47224894","verified":["verified"]},"yoast_head":"<!-- This site is optimized with the Yoast SEO plugin v27.5 - https:\/\/yoast.com\/product\/yoast-seo-wordpress\/ -->\n<title>Taste Contemporary Archives - Coolturalia<\/title>\n<meta name=\"robots\" content=\"index, follow, max-snippet:-1, max-image-preview:large, max-video-preview:-1\" \/>\n<link rel=\"canonical\" href=\"https:\/\/www.coolturalia.com\/fr\/event-venue\/taste-contemporary\/\" \/>\n<meta property=\"og:locale\" content=\"fr_FR\" \/>\n<meta property=\"og:type\" content=\"article\" \/>\n<meta property=\"og:title\" content=\"Taste Contemporary Archives - Coolturalia\" \/>\n<meta property=\"og:description\" content=\"Situ\u00e9e \u00e0 la p\u00e9riph\u00e9rie de la Vieille Ville, Taste Contemporary a \u00e9t\u00e9 fond\u00e9e en 2014 par Monique Deule. La galerie est d\u00e9di\u00e9e \u00e0 la promotion d&rsquo;artistes \u00e9mergents et confirm\u00e9s explorant des mat\u00e9riaux tels que la c\u00e9ramique, le textile, le verre et le bois pour donner vie \u00e0 des visions artistiques audacieuses. Ax\u00e9e sur les \u0153uvres centr\u00e9es sur la mati\u00e8re, Taste Contemporary organise des expositions r\u00e9guli\u00e8res tout au long de l\u2019ann\u00e9e.\" \/>\n<meta property=\"og:url\" content=\"https:\/\/www.coolturalia.com\/fr\/event-venue\/taste-contemporary\/\" \/>\n<meta property=\"og:site_name\" content=\"Coolturalia\" \/>\n<meta property=\"og:image\" content=\"https:\/\/www.coolturalia.com\/wp-content\/uploads\/2024\/04\/favicon-coolturalia-2.png\" \/>\n\t<meta property=\"og:image:width\" content=\"150\" \/>\n\t<meta property=\"og:image:height\" content=\"150\" \/>\n\t<meta property=\"og:image:type\" content=\"image\/png\" \/>\n<meta name=\"twitter:card\" content=\"summary_large_image\" \/>\n<script type=\"application\/ld+json\" class=\"yoast-schema-graph\">{\"@context\":\"https:\\\/\\\/schema.org\",\"@graph\":[{\"@type\":\"CollectionPage\",\"@id\":\"https:\\\/\\\/www.coolturalia.com\\\/fr\\\/event-venue\\\/taste-contemporary\\\/\",\"url\":\"https:\\\/\\\/www.coolturalia.com\\\/fr\\\/event-venue\\\/taste-contemporary\\\/\",\"name\":\"Taste Contemporary Archives - Coolturalia\",\"isPartOf\":{\"@id\":\"https:\\\/\\\/www.coolturalia.com\\\/fr\\\/#website\"},\"breadcrumb\":{\"@id\":\"https:\\\/\\\/www.coolturalia.com\\\/fr\\\/event-venue\\\/taste-contemporary\\\/#breadcrumb\"},\"inLanguage\":\"fr-FR\"},{\"@type\":\"BreadcrumbList\",\"@id\":\"https:\\\/\\\/www.coolturalia.com\\\/fr\\\/event-venue\\\/taste-contemporary\\\/#breadcrumb\",\"itemListElement\":[{\"@type\":\"ListItem\",\"position\":1,\"name\":\"Home\",\"item\":\"https:\\\/\\\/www.coolturalia.com\\\/fr\\\/\"},{\"@type\":\"ListItem\",\"position\":2,\"name\":\"Taste Contemporary\"}]},{\"@type\":\"WebSite\",\"@id\":\"https:\\\/\\\/www.coolturalia.com\\\/fr\\\/#website\",\"url\":\"https:\\\/\\\/www.coolturalia.com\\\/fr\\\/\",\"name\":\"Coolturalia\",\"description\":\"\",\"publisher\":{\"@id\":\"https:\\\/\\\/www.coolturalia.com\\\/fr\\\/#organization\"},\"potentialAction\":[{\"@type\":\"SearchAction\",\"target\":{\"@type\":\"EntryPoint\",\"urlTemplate\":\"https:\\\/\\\/www.coolturalia.com\\\/fr\\\/?s={search_term_string}\"},\"query-input\":{\"@type\":\"PropertyValueSpecification\",\"valueRequired\":true,\"valueName\":\"search_term_string\"}}],\"inLanguage\":\"fr-FR\"},{\"@type\":\"Organization\",\"@id\":\"https:\\\/\\\/www.coolturalia.com\\\/fr\\\/#organization\",\"name\":\"Coolturalia\",\"url\":\"https:\\\/\\\/www.coolturalia.com\\\/fr\\\/\",\"logo\":{\"@type\":\"ImageObject\",\"inLanguage\":\"fr-FR\",\"@id\":\"https:\\\/\\\/www.coolturalia.com\\\/fr\\\/#\\\/schema\\\/logo\\\/image\\\/\",\"url\":\"https:\\\/\\\/www.coolturalia.com\\\/wp-content\\\/uploads\\\/2024\\\/04\\\/Logo-coolturalia.svg\",\"contentUrl\":\"https:\\\/\\\/www.coolturalia.com\\\/wp-content\\\/uploads\\\/2024\\\/04\\\/Logo-coolturalia.svg\",\"width\":1312,\"height\":193,\"caption\":\"Coolturalia\"},\"image\":{\"@id\":\"https:\\\/\\\/www.coolturalia.com\\\/fr\\\/#\\\/schema\\\/logo\\\/image\\\/\"},\"sameAs\":[\"https:\\\/\\\/www.instagram.com\\\/coolturalia_geneva\\\/\"]}]}<\/script>\n<!-- \/ Yoast SEO plugin. -->","yoast_head_json":{"title":"Taste Contemporary Archives - Coolturalia","robots":{"index":"index","follow":"follow","max-snippet":"max-snippet:-1","max-image-preview":"max-image-preview:large","max-video-preview":"max-video-preview:-1"},"canonical":"https:\/\/www.coolturalia.com\/fr\/event-venue\/taste-contemporary\/","og_locale":"fr_FR","og_type":"article","og_title":"Taste Contemporary Archives - Coolturalia","og_description":"Situ\u00e9e \u00e0 la p\u00e9riph\u00e9rie de la Vieille Ville, Taste Contemporary a \u00e9t\u00e9 fond\u00e9e en 2014 par Monique Deule. La galerie est d\u00e9di\u00e9e \u00e0 la promotion d&rsquo;artistes \u00e9mergents et confirm\u00e9s explorant des mat\u00e9riaux tels que la c\u00e9ramique, le textile, le verre et le bois pour donner vie \u00e0 des visions artistiques audacieuses. Ax\u00e9e sur les \u0153uvres centr\u00e9es sur la mati\u00e8re, Taste Contemporary organise des expositions r\u00e9guli\u00e8res tout au long de l\u2019ann\u00e9e.","og_url":"https:\/\/www.coolturalia.com\/fr\/event-venue\/taste-contemporary\/","og_site_name":"Coolturalia","og_image":[{"width":150,"height":150,"url":"https:\/\/www.coolturalia.com\/wp-content\/uploads\/2024\/04\/favicon-coolturalia-2.png","type":"image\/png"}],"twitter_card":"summary_large_image","schema":{"@context":"https:\/\/schema.org","@graph":[{"@type":"CollectionPage","@id":"https:\/\/www.coolturalia.com\/fr\/event-venue\/taste-contemporary\/","url":"https:\/\/www.coolturalia.com\/fr\/event-venue\/taste-contemporary\/","name":"Taste Contemporary Archives - Coolturalia","isPartOf":{"@id":"https:\/\/www.coolturalia.com\/fr\/#website"},"breadcrumb":{"@id":"https:\/\/www.coolturalia.com\/fr\/event-venue\/taste-contemporary\/#breadcrumb"},"inLanguage":"fr-FR"},{"@type":"BreadcrumbList","@id":"https:\/\/www.coolturalia.com\/fr\/event-venue\/taste-contemporary\/#breadcrumb","itemListElement":[{"@type":"ListItem","position":1,"name":"Home","item":"https:\/\/www.coolturalia.com\/fr\/"},{"@type":"ListItem","position":2,"name":"Taste Contemporary"}]},{"@type":"WebSite","@id":"https:\/\/www.coolturalia.com\/fr\/#website","url":"https:\/\/www.coolturalia.com\/fr\/","name":"Coolturalia","description":"","publisher":{"@id":"https:\/\/www.coolturalia.com\/fr\/#organization"},"potentialAction":[{"@type":"SearchAction","target":{"@type":"EntryPoint","urlTemplate":"https:\/\/www.coolturalia.com\/fr\/?s={search_term_string}"},"query-input":{"@type":"PropertyValueSpecification","valueRequired":true,"valueName":"search_term_string"}}],"inLanguage":"fr-FR"},{"@type":"Organization","@id":"https:\/\/www.coolturalia.com\/fr\/#organization","name":"Coolturalia","url":"https:\/\/www.coolturalia.com\/fr\/","logo":{"@type":"ImageObject","inLanguage":"fr-FR","@id":"https:\/\/www.coolturalia.com\/fr\/#\/schema\/logo\/image\/","url":"https:\/\/www.coolturalia.com\/wp-content\/uploads\/2024\/04\/Logo-coolturalia.svg","contentUrl":"https:\/\/www.coolturalia.com\/wp-content\/uploads\/2024\/04\/Logo-coolturalia.svg","width":1312,"height":193,"caption":"Coolturalia"},"image":{"@id":"https:\/\/www.coolturalia.com\/fr\/#\/schema\/logo\/image\/"},"sameAs":["https:\/\/www.instagram.com\/coolturalia_geneva\/"]}]}},"_links":{"self":[{"href":"https:\/\/www.coolturalia.com\/fr\/wp-json\/wp\/v2\/event-venue\/1105","targetHints":{"allow":["GET"]}}],"collection":[{"href":"https:\/\/www.coolturalia.com\/fr\/wp-json\/wp\/v2\/event-venue"}],"about":[{"href":"https:\/\/www.coolturalia.com\/fr\/wp-json\/wp\/v2\/taxonomies\/event-venue"}],"wp:post_type":[{"href":"https:\/\/www.coolturalia.com\/fr\/wp-json\/wp\/v2\/event?event-venue=1105"}],"curies":[{"name":"wp","href":"https:\/\/api.w.org\/{rel}","templated":true}]}}