{"id":1103,"count":4,"description":"Initialement fond\u00e9e \u00e0 Neuch\u00e2tel, lange+pult est devenue une galerie d'art contemporain suisse de renom, avec des espaces \u00e0 Auvernier, Zurich et, depuis 2023, \u00e0 Gen\u00e8ve. Situ\u00e9e dans le Quartier des Bains, la galerie s'engage \u00e0 cr\u00e9er des ponts entre diff\u00e9rentes r\u00e9gions, g\u00e9n\u00e9rations et pratiques artistiques novatrices. Elle porte un int\u00e9r\u00eat particulier \u00e0 l'abstraction minimaliste, au n\u00e9o-pop et \u00e0 l'art conceptuel.","link":"https:\/\/www.coolturalia.com\/fr\/event-venue\/galerie-langepult-fr\/","name":"Galerie lange+pult","slug":"galerie-langepult-fr","taxonomy":"event-venue","parent":0,"meta":[],"acf":{"nickname":"Galerie lange+pult","image":95438,"phone":"+ 41 22 345 22 22","website":"https:\/\/langepult.com\/","email":"","address":{"address":"Rue des Bains 22, 1204 Gen\u00e8ve","lat":46.198309,"lng":6.136999,"city":"Geneva","state":0,"post_code":1205,"country_short":"CH"},"photo_credit":"","external_id":"66093691","verified":["verified"]},"yoast_head":"<!-- This site is optimized with the Yoast SEO plugin v27.5 - https:\/\/yoast.com\/product\/yoast-seo-wordpress\/ -->\n<title>Galerie lange+pult Archives - Coolturalia<\/title>\n<meta name=\"robots\" content=\"index, follow, max-snippet:-1, max-image-preview:large, max-video-preview:-1\" \/>\n<link rel=\"canonical\" href=\"https:\/\/www.coolturalia.com\/fr\/event-venue\/galerie-langepult-fr\/\" \/>\n<meta property=\"og:locale\" content=\"fr_FR\" \/>\n<meta property=\"og:type\" content=\"article\" \/>\n<meta property=\"og:title\" content=\"Galerie lange+pult Archives - Coolturalia\" \/>\n<meta property=\"og:description\" content=\"Initialement fond\u00e9e \u00e0 Neuch\u00e2tel, lange+pult est devenue une galerie d&rsquo;art contemporain suisse de renom, avec des espaces \u00e0 Auvernier, Zurich et, depuis 2023, \u00e0 Gen\u00e8ve. Situ\u00e9e dans le Quartier des Bains, la galerie s&rsquo;engage \u00e0 cr\u00e9er des ponts entre diff\u00e9rentes r\u00e9gions, g\u00e9n\u00e9rations et pratiques artistiques novatrices. Elle porte un int\u00e9r\u00eat particulier \u00e0 l&rsquo;abstraction minimaliste, au n\u00e9o-pop et \u00e0 l&rsquo;art conceptuel.\" \/>\n<meta property=\"og:url\" content=\"https:\/\/www.coolturalia.com\/fr\/event-venue\/galerie-langepult-fr\/\" \/>\n<meta property=\"og:site_name\" content=\"Coolturalia\" \/>\n<meta property=\"og:image\" content=\"https:\/\/www.coolturalia.com\/wp-content\/uploads\/2024\/04\/favicon-coolturalia-2.png\" \/>\n\t<meta property=\"og:image:width\" content=\"150\" \/>\n\t<meta property=\"og:image:height\" content=\"150\" \/>\n\t<meta property=\"og:image:type\" content=\"image\/png\" \/>\n<meta name=\"twitter:card\" content=\"summary_large_image\" \/>\n<script type=\"application\/ld+json\" class=\"yoast-schema-graph\">{\"@context\":\"https:\\\/\\\/schema.org\",\"@graph\":[{\"@type\":\"CollectionPage\",\"@id\":\"https:\\\/\\\/www.coolturalia.com\\\/fr\\\/event-venue\\\/galerie-langepult-fr\\\/\",\"url\":\"https:\\\/\\\/www.coolturalia.com\\\/fr\\\/event-venue\\\/galerie-langepult-fr\\\/\",\"name\":\"Galerie lange+pult Archives - Coolturalia\",\"isPartOf\":{\"@id\":\"https:\\\/\\\/www.coolturalia.com\\\/fr\\\/#website\"},\"breadcrumb\":{\"@id\":\"https:\\\/\\\/www.coolturalia.com\\\/fr\\\/event-venue\\\/galerie-langepult-fr\\\/#breadcrumb\"},\"inLanguage\":\"fr-FR\"},{\"@type\":\"BreadcrumbList\",\"@id\":\"https:\\\/\\\/www.coolturalia.com\\\/fr\\\/event-venue\\\/galerie-langepult-fr\\\/#breadcrumb\",\"itemListElement\":[{\"@type\":\"ListItem\",\"position\":1,\"name\":\"Home\",\"item\":\"https:\\\/\\\/www.coolturalia.com\\\/fr\\\/\"},{\"@type\":\"ListItem\",\"position\":2,\"name\":\"Galerie lange+pult\"}]},{\"@type\":\"WebSite\",\"@id\":\"https:\\\/\\\/www.coolturalia.com\\\/fr\\\/#website\",\"url\":\"https:\\\/\\\/www.coolturalia.com\\\/fr\\\/\",\"name\":\"Coolturalia\",\"description\":\"\",\"publisher\":{\"@id\":\"https:\\\/\\\/www.coolturalia.com\\\/fr\\\/#organization\"},\"potentialAction\":[{\"@type\":\"SearchAction\",\"target\":{\"@type\":\"EntryPoint\",\"urlTemplate\":\"https:\\\/\\\/www.coolturalia.com\\\/fr\\\/?s={search_term_string}\"},\"query-input\":{\"@type\":\"PropertyValueSpecification\",\"valueRequired\":true,\"valueName\":\"search_term_string\"}}],\"inLanguage\":\"fr-FR\"},{\"@type\":\"Organization\",\"@id\":\"https:\\\/\\\/www.coolturalia.com\\\/fr\\\/#organization\",\"name\":\"Coolturalia\",\"url\":\"https:\\\/\\\/www.coolturalia.com\\\/fr\\\/\",\"logo\":{\"@type\":\"ImageObject\",\"inLanguage\":\"fr-FR\",\"@id\":\"https:\\\/\\\/www.coolturalia.com\\\/fr\\\/#\\\/schema\\\/logo\\\/image\\\/\",\"url\":\"https:\\\/\\\/www.coolturalia.com\\\/wp-content\\\/uploads\\\/2024\\\/04\\\/Logo-coolturalia.svg\",\"contentUrl\":\"https:\\\/\\\/www.coolturalia.com\\\/wp-content\\\/uploads\\\/2024\\\/04\\\/Logo-coolturalia.svg\",\"width\":1312,\"height\":193,\"caption\":\"Coolturalia\"},\"image\":{\"@id\":\"https:\\\/\\\/www.coolturalia.com\\\/fr\\\/#\\\/schema\\\/logo\\\/image\\\/\"},\"sameAs\":[\"https:\\\/\\\/www.instagram.com\\\/coolturalia_geneva\\\/\"]}]}<\/script>\n<!-- \/ Yoast SEO plugin. -->","yoast_head_json":{"title":"Galerie lange+pult Archives - Coolturalia","robots":{"index":"index","follow":"follow","max-snippet":"max-snippet:-1","max-image-preview":"max-image-preview:large","max-video-preview":"max-video-preview:-1"},"canonical":"https:\/\/www.coolturalia.com\/fr\/event-venue\/galerie-langepult-fr\/","og_locale":"fr_FR","og_type":"article","og_title":"Galerie lange+pult Archives - Coolturalia","og_description":"Initialement fond\u00e9e \u00e0 Neuch\u00e2tel, lange+pult est devenue une galerie d&rsquo;art contemporain suisse de renom, avec des espaces \u00e0 Auvernier, Zurich et, depuis 2023, \u00e0 Gen\u00e8ve. Situ\u00e9e dans le Quartier des Bains, la galerie s&rsquo;engage \u00e0 cr\u00e9er des ponts entre diff\u00e9rentes r\u00e9gions, g\u00e9n\u00e9rations et pratiques artistiques novatrices. Elle porte un int\u00e9r\u00eat particulier \u00e0 l&rsquo;abstraction minimaliste, au n\u00e9o-pop et \u00e0 l&rsquo;art conceptuel.","og_url":"https:\/\/www.coolturalia.com\/fr\/event-venue\/galerie-langepult-fr\/","og_site_name":"Coolturalia","og_image":[{"width":150,"height":150,"url":"https:\/\/www.coolturalia.com\/wp-content\/uploads\/2024\/04\/favicon-coolturalia-2.png","type":"image\/png"}],"twitter_card":"summary_large_image","schema":{"@context":"https:\/\/schema.org","@graph":[{"@type":"CollectionPage","@id":"https:\/\/www.coolturalia.com\/fr\/event-venue\/galerie-langepult-fr\/","url":"https:\/\/www.coolturalia.com\/fr\/event-venue\/galerie-langepult-fr\/","name":"Galerie lange+pult Archives - Coolturalia","isPartOf":{"@id":"https:\/\/www.coolturalia.com\/fr\/#website"},"breadcrumb":{"@id":"https:\/\/www.coolturalia.com\/fr\/event-venue\/galerie-langepult-fr\/#breadcrumb"},"inLanguage":"fr-FR"},{"@type":"BreadcrumbList","@id":"https:\/\/www.coolturalia.com\/fr\/event-venue\/galerie-langepult-fr\/#breadcrumb","itemListElement":[{"@type":"ListItem","position":1,"name":"Home","item":"https:\/\/www.coolturalia.com\/fr\/"},{"@type":"ListItem","position":2,"name":"Galerie lange+pult"}]},{"@type":"WebSite","@id":"https:\/\/www.coolturalia.com\/fr\/#website","url":"https:\/\/www.coolturalia.com\/fr\/","name":"Coolturalia","description":"","publisher":{"@id":"https:\/\/www.coolturalia.com\/fr\/#organization"},"potentialAction":[{"@type":"SearchAction","target":{"@type":"EntryPoint","urlTemplate":"https:\/\/www.coolturalia.com\/fr\/?s={search_term_string}"},"query-input":{"@type":"PropertyValueSpecification","valueRequired":true,"valueName":"search_term_string"}}],"inLanguage":"fr-FR"},{"@type":"Organization","@id":"https:\/\/www.coolturalia.com\/fr\/#organization","name":"Coolturalia","url":"https:\/\/www.coolturalia.com\/fr\/","logo":{"@type":"ImageObject","inLanguage":"fr-FR","@id":"https:\/\/www.coolturalia.com\/fr\/#\/schema\/logo\/image\/","url":"https:\/\/www.coolturalia.com\/wp-content\/uploads\/2024\/04\/Logo-coolturalia.svg","contentUrl":"https:\/\/www.coolturalia.com\/wp-content\/uploads\/2024\/04\/Logo-coolturalia.svg","width":1312,"height":193,"caption":"Coolturalia"},"image":{"@id":"https:\/\/www.coolturalia.com\/fr\/#\/schema\/logo\/image\/"},"sameAs":["https:\/\/www.instagram.com\/coolturalia_geneva\/"]}]}},"_links":{"self":[{"href":"https:\/\/www.coolturalia.com\/fr\/wp-json\/wp\/v2\/event-venue\/1103","targetHints":{"allow":["GET"]}}],"collection":[{"href":"https:\/\/www.coolturalia.com\/fr\/wp-json\/wp\/v2\/event-venue"}],"about":[{"href":"https:\/\/www.coolturalia.com\/fr\/wp-json\/wp\/v2\/taxonomies\/event-venue"}],"wp:post_type":[{"href":"https:\/\/www.coolturalia.com\/fr\/wp-json\/wp\/v2\/event?event-venue=1103"}],"curies":[{"name":"wp","href":"https:\/\/api.w.org\/{rel}","templated":true}]}}