{"id":1045,"count":0,"description":"Situ\u00e9e sur le domaine du Ch\u00e2teau du Crest \u00e0 Jussy, la Collection du Crest pr\u00e9sente une collection familiale de peintures et de sculptures. Rassemblant un large \u00e9ventail d\u2019\u0153uvres d\u2019artistes locaux ayant marqu\u00e9 le paysage artistique de Gen\u00e8ve et de la Suisse, la collection retrace l\u2019histoire de l\u2019art genevois du XVIII\u1d49 si\u00e8cle jusqu\u2019au milieu du XX\u1d49 si\u00e8cle.","link":"https:\/\/www.coolturalia.com\/fr\/event-venue\/collection-du-crest-fr\/","name":"Collection du Crest","slug":"collection-du-crest-fr","taxonomy":"event-venue","parent":0,"meta":[],"acf":{"nickname":"Collection du Crest","image":95380,"phone":"","website":"https:\/\/collectionducrest.ch","email":"","address":{"address":"Route du Ch\u00e2teau-du-Crest 40, 1254 Jussy","lat":46.2369152,"lng":6.2561596,"zoom":14,"place_id":"ChIJBYG_tfNujEcRerpBo9RteCY","street_number":40,"street_name":"Route du Ch\u00e2teau-du-Crest","street_name_short":"Rte du Ch\u00e2teau-du-Crest","city":"Jussy","state":"Gen\u00e8ve","state_short":"GE","post_code":1254,"country":"Switzerland","country_short":"CH"},"photo_credit":"","external_id":"","verified":["verified"]},"yoast_head":"<!-- This site is optimized with the Yoast SEO plugin v28.3 - https:\/\/yoast.com\/product\/yoast-seo-wordpress\/ -->\n<title>Collection du Crest Archives - Coolturalia<\/title>\n<meta name=\"robots\" content=\"index, follow, max-snippet:-1, max-image-preview:large, max-video-preview:-1\" \/>\n<link rel=\"canonical\" href=\"https:\/\/www.coolturalia.com\/fr\/event-venue\/collection-du-crest-fr\/\" \/>\n<meta property=\"og:locale\" content=\"fr_FR\" \/>\n<meta property=\"og:type\" content=\"article\" \/>\n<meta property=\"og:title\" content=\"Collection du Crest Archives - Coolturalia\" \/>\n<meta property=\"og:description\" content=\"Situ\u00e9e sur le domaine du Ch\u00e2teau du Crest \u00e0 Jussy, la Collection du Crest pr\u00e9sente une collection familiale de peintures et de sculptures. Rassemblant un large \u00e9ventail d\u2019\u0153uvres d\u2019artistes locaux ayant marqu\u00e9 le paysage artistique de Gen\u00e8ve et de la Suisse, la collection retrace l\u2019histoire de l\u2019art genevois du XVIII\u1d49 si\u00e8cle jusqu\u2019au milieu du XX\u1d49 si\u00e8cle.\" \/>\n<meta property=\"og:url\" content=\"https:\/\/www.coolturalia.com\/fr\/event-venue\/collection-du-crest-fr\/\" \/>\n<meta property=\"og:site_name\" content=\"Coolturalia\" \/>\n<meta property=\"og:image\" content=\"https:\/\/www.coolturalia.com\/wp-content\/uploads\/2024\/04\/favicon-coolturalia-2.png\" \/>\n\t<meta property=\"og:image:width\" content=\"150\" \/>\n\t<meta property=\"og:image:height\" content=\"150\" \/>\n\t<meta property=\"og:image:type\" content=\"image\/png\" \/>\n<meta name=\"twitter:card\" content=\"summary_large_image\" \/>\n<script type=\"application\/ld+json\" class=\"yoast-schema-graph\">{\"@context\":\"https:\\\/\\\/schema.org\",\"@graph\":[{\"@type\":\"CollectionPage\",\"@id\":\"https:\\\/\\\/www.coolturalia.com\\\/fr\\\/event-venue\\\/collection-du-crest-fr\\\/\",\"url\":\"https:\\\/\\\/www.coolturalia.com\\\/fr\\\/event-venue\\\/collection-du-crest-fr\\\/\",\"name\":\"Collection du Crest Archives - Coolturalia\",\"isPartOf\":{\"@id\":\"https:\\\/\\\/www.coolturalia.com\\\/fr\\\/#website\"},\"breadcrumb\":{\"@id\":\"https:\\\/\\\/www.coolturalia.com\\\/fr\\\/event-venue\\\/collection-du-crest-fr\\\/#breadcrumb\"},\"inLanguage\":\"fr-FR\"},{\"@type\":\"BreadcrumbList\",\"@id\":\"https:\\\/\\\/www.coolturalia.com\\\/fr\\\/event-venue\\\/collection-du-crest-fr\\\/#breadcrumb\",\"itemListElement\":[{\"@type\":\"ListItem\",\"position\":1,\"name\":\"Home\",\"item\":\"https:\\\/\\\/www.coolturalia.com\\\/fr\\\/\"},{\"@type\":\"ListItem\",\"position\":2,\"name\":\"Collection du Crest\"}]},{\"@type\":\"WebSite\",\"@id\":\"https:\\\/\\\/www.coolturalia.com\\\/fr\\\/#website\",\"url\":\"https:\\\/\\\/www.coolturalia.com\\\/fr\\\/\",\"name\":\"Coolturalia\",\"description\":\"\",\"publisher\":{\"@id\":\"https:\\\/\\\/www.coolturalia.com\\\/fr\\\/#organization\"},\"potentialAction\":[{\"@type\":\"SearchAction\",\"target\":{\"@type\":\"EntryPoint\",\"urlTemplate\":\"https:\\\/\\\/www.coolturalia.com\\\/fr\\\/?s={search_term_string}\"},\"query-input\":{\"@type\":\"PropertyValueSpecification\",\"valueRequired\":true,\"valueName\":\"search_term_string\"}}],\"inLanguage\":\"fr-FR\"},{\"@type\":\"Organization\",\"@id\":\"https:\\\/\\\/www.coolturalia.com\\\/fr\\\/#organization\",\"name\":\"Coolturalia\",\"url\":\"https:\\\/\\\/www.coolturalia.com\\\/fr\\\/\",\"logo\":{\"@type\":\"ImageObject\",\"inLanguage\":\"fr-FR\",\"@id\":\"https:\\\/\\\/www.coolturalia.com\\\/fr\\\/#\\\/schema\\\/logo\\\/image\\\/\",\"url\":\"https:\\\/\\\/www.coolturalia.com\\\/wp-content\\\/uploads\\\/2024\\\/04\\\/Logo-coolturalia.svg\",\"contentUrl\":\"https:\\\/\\\/www.coolturalia.com\\\/wp-content\\\/uploads\\\/2024\\\/04\\\/Logo-coolturalia.svg\",\"width\":1312,\"height\":193,\"caption\":\"Coolturalia\"},\"image\":{\"@id\":\"https:\\\/\\\/www.coolturalia.com\\\/fr\\\/#\\\/schema\\\/logo\\\/image\\\/\"},\"sameAs\":[\"https:\\\/\\\/www.instagram.com\\\/coolturalia_geneva\\\/\"]}]}<\/script>\n<!-- \/ Yoast SEO plugin. -->","yoast_head_json":{"title":"Collection du Crest Archives - Coolturalia","robots":{"index":"index","follow":"follow","max-snippet":"max-snippet:-1","max-image-preview":"max-image-preview:large","max-video-preview":"max-video-preview:-1"},"canonical":"https:\/\/www.coolturalia.com\/fr\/event-venue\/collection-du-crest-fr\/","og_locale":"fr_FR","og_type":"article","og_title":"Collection du Crest Archives - Coolturalia","og_description":"Situ\u00e9e sur le domaine du Ch\u00e2teau du Crest \u00e0 Jussy, la Collection du Crest pr\u00e9sente une collection familiale de peintures et de sculptures. Rassemblant un large \u00e9ventail d\u2019\u0153uvres d\u2019artistes locaux ayant marqu\u00e9 le paysage artistique de Gen\u00e8ve et de la Suisse, la collection retrace l\u2019histoire de l\u2019art genevois du XVIII\u1d49 si\u00e8cle jusqu\u2019au milieu du XX\u1d49 si\u00e8cle.","og_url":"https:\/\/www.coolturalia.com\/fr\/event-venue\/collection-du-crest-fr\/","og_site_name":"Coolturalia","og_image":[{"width":150,"height":150,"url":"https:\/\/www.coolturalia.com\/wp-content\/uploads\/2024\/04\/favicon-coolturalia-2.png","type":"image\/png"}],"twitter_card":"summary_large_image","schema":{"@context":"https:\/\/schema.org","@graph":[{"@type":"CollectionPage","@id":"https:\/\/www.coolturalia.com\/fr\/event-venue\/collection-du-crest-fr\/","url":"https:\/\/www.coolturalia.com\/fr\/event-venue\/collection-du-crest-fr\/","name":"Collection du Crest Archives - Coolturalia","isPartOf":{"@id":"https:\/\/www.coolturalia.com\/fr\/#website"},"breadcrumb":{"@id":"https:\/\/www.coolturalia.com\/fr\/event-venue\/collection-du-crest-fr\/#breadcrumb"},"inLanguage":"fr-FR"},{"@type":"BreadcrumbList","@id":"https:\/\/www.coolturalia.com\/fr\/event-venue\/collection-du-crest-fr\/#breadcrumb","itemListElement":[{"@type":"ListItem","position":1,"name":"Home","item":"https:\/\/www.coolturalia.com\/fr\/"},{"@type":"ListItem","position":2,"name":"Collection du Crest"}]},{"@type":"WebSite","@id":"https:\/\/www.coolturalia.com\/fr\/#website","url":"https:\/\/www.coolturalia.com\/fr\/","name":"Coolturalia","description":"","publisher":{"@id":"https:\/\/www.coolturalia.com\/fr\/#organization"},"potentialAction":[{"@type":"SearchAction","target":{"@type":"EntryPoint","urlTemplate":"https:\/\/www.coolturalia.com\/fr\/?s={search_term_string}"},"query-input":{"@type":"PropertyValueSpecification","valueRequired":true,"valueName":"search_term_string"}}],"inLanguage":"fr-FR"},{"@type":"Organization","@id":"https:\/\/www.coolturalia.com\/fr\/#organization","name":"Coolturalia","url":"https:\/\/www.coolturalia.com\/fr\/","logo":{"@type":"ImageObject","inLanguage":"fr-FR","@id":"https:\/\/www.coolturalia.com\/fr\/#\/schema\/logo\/image\/","url":"https:\/\/www.coolturalia.com\/wp-content\/uploads\/2024\/04\/Logo-coolturalia.svg","contentUrl":"https:\/\/www.coolturalia.com\/wp-content\/uploads\/2024\/04\/Logo-coolturalia.svg","width":1312,"height":193,"caption":"Coolturalia"},"image":{"@id":"https:\/\/www.coolturalia.com\/fr\/#\/schema\/logo\/image\/"},"sameAs":["https:\/\/www.instagram.com\/coolturalia_geneva\/"]}]}},"_links":{"self":[{"href":"https:\/\/www.coolturalia.com\/fr\/wp-json\/wp\/v2\/event-venue\/1045","targetHints":{"allow":["GET"]}}],"collection":[{"href":"https:\/\/www.coolturalia.com\/fr\/wp-json\/wp\/v2\/event-venue"}],"about":[{"href":"https:\/\/www.coolturalia.com\/fr\/wp-json\/wp\/v2\/taxonomies\/event-venue"}],"wp:post_type":[{"href":"https:\/\/www.coolturalia.com\/fr\/wp-json\/wp\/v2\/event?event-venue=1045"}],"curies":[{"name":"wp","href":"https:\/\/api.w.org\/{rel}","templated":true}]}}